{"id":1613,"date":"2026-03-16T11:24:55","date_gmt":"2026-03-16T10:24:55","guid":{"rendered":"https:\/\/ancltorino.it\/?p=1613"},"modified":"2026-03-16T11:25:00","modified_gmt":"2026-03-16T10:25:00","slug":"dentro-al-futuro","status":"publish","type":"post","link":"https:\/\/ancltorino.it\/?p=1613","title":{"rendered":"DENTRO AL FUTURO"},"content":{"rendered":"\n<p>condividiamo l\u2019importante evento che si terr\u00e0 nei giorni 20 e 21 marzo 2026, presso il Centro Congressi OGR di Torino (Corso Castelfidardo, 22 \u2013 https:\/\/ogrtorino.it\/).<\/p>\n\n\n\n<p>In tale occasione, ci sar\u00e0 il Congresso Interregionale Piemonte e Valle d\u2019Aosta, dal titolo \u201cDentro il Futuro\u201d, al quale parteciperanno i vertici del Consiglio Nazionale, dell\u2019ENPACL, del nostro Sindacato, dell\u2019Associazione Giovani Consulenti del Lavoro, delle Fondazioni.<\/p>\n\n\n\n<blockquote class=\"wp-block-quote is-layout-flow wp-block-quote-is-layout-flow\">\n<p>Come ha gi\u00e0 evidenziato il Presidente dell\u2019Ordine Provinciale di Torino Fabrizio Bontempo nel comunicato diffuso la scorsa settimana, \u201cper noi torinesi questo appuntamento ha un significato particolare: ospitare il Congresso nella nostra citt\u00e0 \u00e8 motivo di grande orgoglio, ma anche una responsabilit\u00e0 che vogliamo vivere come occasione di incontro, di apertura e di confronto.<\/p>\n\n\n\n<p>L\u2019evento, di cui trovate in allegato il programma dettagliato, sar\u00e0 un\u2019occasione preziosa per uscire dalla routine quotidiana, incontrarsi di persona e confrontarsi sulle novit\u00e0, le sfide e le opportunit\u00e0 che attendono la nostra professione.<\/p>\n\n\n\n<p>Viviamo un momento di grandi trasformazioni: cambiamenti normativi, innovazione tecnologica, nuove esigenze delle imprese e dei lavoratori. Proprio per questo crediamo sia fondamentale fermarsi, guardare avanti insieme e provare a immaginare quale ruolo vogliamo avere nel futuro del lavoro.<\/p>\n\n\n\n<p>Il Congresso vuole essere molto pi\u00f9 di un evento formativo: vuole essere uno spazio di dialogo tra colleghi, un luogo in cui condividere esperienze, costruire relazioni e rafforzare il senso di appartenenza alla nostra professione\u201d.<\/p>\n<\/blockquote>\n\n\n\n<p>Il Congresso sar\u00e0 preceduto, il 19 marzo, dall\u2019Assemblea dei Consigli Provinciali di tutta Italia (evento riservato solo ai Presidenti, Consiglieri e Revisori dei CPO), che si riuniranno nello stesso luogo.<\/p>\n\n\n\n<p>L\u2019appuntamento \u00e8 quindi venerd\u00ec 20 marzo, con inizio dei lavori alle ore 10.00. REGISTRATI (per i Consulenti del Lavoro la registrazione \u00e8 possibile solo per le giornate del 20 e 21 marzo)<\/p>\n\n\n\n<p>Alle 14.30 prender\u00e0 avvio ufficialmente il Congresso Interregionale, che si concluder\u00e0 sabato 21 marzo alle ore 13.30.<\/p>\n\n\n\n<p>La partecipazione \u00e8 gratuita e consente il riconoscimento di crediti formativi.<\/p>\n\n\n\n<p>\u27a1\ufe0f Mi permetto di aggiungere una considerazione in qualit\u00e0 di Presidente dell\u2019Unione Provinciale ANCL di Torino.<\/p>\n\n\n\n<p>Come aderenti al Sindacato Unitario di Categoria, dobbiamo cogliere l\u2019opportunit\u00e0 ed essere presenti ad un evento di questa portata per ribadire con forza il senso ed il sostegno alla nostra categoria; in particolar modo considerato che l\u2019evento \u00e8 organizzato sul nostro territorio. Aggiungo come tale sostegno sia particolarmente significativo in questo momento storico, che ci vede coinvolti come professionisti nella delicata e strategica discussione sulla riforma delle professioni.<\/p>\n\n\n\n<p>Unitamente a tutti i Consiglieri dell\u2019Unione Provinciale ANCL di Torino, Vi aspettiamo numerosi.<\/p>\n\n\n\n<p>Un cordiale saluto.<\/p>\n\n\n\n<p>Il Presidente ANCL \u2013 UP di Torino<br>Massimo Laiolo<\/p>\n\n\n\n<div data-wp-interactive=\"core\/file\" class=\"wp-block-file\"><object data-wp-bind--hidden=\"!state.hasPdfPreview\" hidden class=\"wp-block-file__embed\" data=\"https:\/\/ancltorino.it\/wp-content\/uploads\/2026\/03\/Programma_Torino.pdf\" type=\"application\/pdf\" style=\"width:100%;height:600px\" aria-label=\"Incorporamento di Programma_Torino.\"><\/object><a id=\"wp-block-file--media-9f9ff8cd-3b5a-4a4b-b0fb-3027a4d4c8f8\" href=\"https:\/\/ancltorino.it\/wp-content\/uploads\/2026\/03\/Programma_Torino.pdf\">Programma_Torino<\/a><a href=\"https:\/\/ancltorino.it\/wp-content\/uploads\/2026\/03\/Programma_Torino.pdf\" class=\"wp-block-file__button wp-element-button\" download aria-describedby=\"wp-block-file--media-9f9ff8cd-3b5a-4a4b-b0fb-3027a4d4c8f8\">Download<\/a><\/div>\n","protected":false},"excerpt":{"rendered":"<p>condividiamo l\u2019importante evento che si terr\u00e0 nei giorni 20 e 21 marzo 2026, presso il Centro Congressi OGR di Torino (Corso Castelfidardo, 22 \u2013 https:\/\/ogrtorino.it\/). In tale occasione, ci sar\u00e0 [&hellip;]<\/p>\n","protected":false},"author":2,"featured_media":0,"comment_status":"open","ping_status":"open","sticky":false,"template":"","format":"standard","meta":{"advgb_blocks_editor_width":"","advgb_blocks_columns_visual_guide":"","footnotes":""},"categories":[1],"tags":[],"class_list":["post-1613","post","type-post","status-publish","format-standard","hentry","category-senza-categoria"],"author_meta":{"display_name":"Ancl Torino","author_link":"https:\/\/ancltorino.it\/?author=2"},"featured_img":null,"coauthors":[],"tax_additional":{"categories":{"linked":["<a href=\"https:\/\/ancltorino.it\/?cat=1\" class=\"advgb-post-tax-term\">Senza categoria<\/a>"],"unlinked":["<span class=\"advgb-post-tax-term\">Senza categoria<\/span>"]}},"comment_count":"0","relative_dates":{"created":"Pubblicato 2 mesi fa","modified":"Aggiornato 2 mesi fa"},"absolute_dates":{"created":"Pubblicato il 16 Marzo 2026","modified":"Aggiornato il 16 Marzo 2026"},"absolute_dates_time":{"created":"Pubblicato il 16 Marzo 2026 11:24","modified":"Aggiornato il 16 Marzo 2026 11:25"},"featured_img_caption":"","series_order":"","_links":{"self":[{"href":"https:\/\/ancltorino.it\/index.php?rest_route=\/wp\/v2\/posts\/1613","targetHints":{"allow":["GET"]}}],"collection":[{"href":"https:\/\/ancltorino.it\/index.php?rest_route=\/wp\/v2\/posts"}],"about":[{"href":"https:\/\/ancltorino.it\/index.php?rest_route=\/wp\/v2\/types\/post"}],"author":[{"embeddable":true,"href":"https:\/\/ancltorino.it\/index.php?rest_route=\/wp\/v2\/users\/2"}],"replies":[{"embeddable":true,"href":"https:\/\/ancltorino.it\/index.php?rest_route=%2Fwp%2Fv2%2Fcomments&post=1613"}],"version-history":[{"count":1,"href":"https:\/\/ancltorino.it\/index.php?rest_route=\/wp\/v2\/posts\/1613\/revisions"}],"predecessor-version":[{"id":1615,"href":"https:\/\/ancltorino.it\/index.php?rest_route=\/wp\/v2\/posts\/1613\/revisions\/1615"}],"wp:attachment":[{"href":"https:\/\/ancltorino.it\/index.php?rest_route=%2Fwp%2Fv2%2Fmedia&parent=1613"}],"wp:term":[{"taxonomy":"category","embeddable":true,"href":"https:\/\/ancltorino.it\/index.php?rest_route=%2Fwp%2Fv2%2Fcategories&post=1613"},{"taxonomy":"post_tag","embeddable":true,"href":"https:\/\/ancltorino.it\/index.php?rest_route=%2Fwp%2Fv2%2Ftags&post=1613"}],"curies":[{"name":"wp","href":"https:\/\/api.w.org\/{rel}","templated":true}]}}